{"id":2588,"date":"2022-09-15T14:30:57","date_gmt":"2022-09-15T14:30:57","guid":{"rendered":"https:\/\/leicesterleicestershireandrutland.icb.nhs.uk\/?p=2588"},"modified":"2022-09-15T14:30:58","modified_gmt":"2022-09-15T14:30:58","slug":"gp-practices-to-close-on-the-day-of-the-queens-funeral","status":"publish","type":"post","link":"https:\/\/leicesterleicestershireandrutland.icb.nhs.uk\/ro\/gp-practices-to-close-on-the-day-of-the-queens-funeral\/","title":{"rendered":"Practicile de medicin\u0103 general\u0103 se vor \u00eenchide \u00een ziua \u00eenmorm\u00e2nt\u0103rii Reginei"},"content":{"rendered":"<p>Cabinetele de medicin\u0103 general\u0103 din Leicester, Leicestershire \u0219i Rutland vor fi \u00eenchise luni, 19 septembrie, \u00een semn de respect pentru moartea Majest\u0103\u021bii Sale Reginei \u0219i pentru a oferi personalului NHS ocazia de a comemora \u00eenmorm\u00e2ntarea ei.<\/p>\n\n\n\n<p>Aceasta \u00eenseamn\u0103 c\u0103 medicii de medicin\u0103 nu fac program\u0103ri pentru consulta\u021bii \u00een persoan\u0103 sau telefonice de luni viitoare, care a fost declarat\u0103 s\u0103rb\u0103toare na\u021bional\u0103. Cu toate acestea, persoanele care au nevoie de consiliere sau \u00eengrijire medical\u0103 urgent\u0103 vor putea \u00een continuare s\u0103 acceseze servicii, inclusiv NHS 111, pe tot parcursul s\u0103rb\u0103torii legale.<\/p>\n\n\n\n<p>Dr. Andy Ahyow, medic generalist \u0219i director medical adjunct al Leicester, Leicestershire and Rutland Integrated Care Board, a declarat: \u201eEste obi\u0219nuit ca cabinetele de medicin\u0103 general\u0103 s\u0103 se \u00eenchid\u0103 de s\u0103rb\u0103torile legale \u0219i, cu aceast\u0103 ocazie, ofer\u0103 personalului nostru posibilitatea de a-\u0219i pl\u0103ti respect \u00een ziua \u00eenmorm\u00e2nt\u0103rii Reginei. Cu toate acestea, a\u0219 dori s\u0103-i asigur pe to\u021bi pacien\u021bii no\u0219tri c\u0103 vor exista \u0219i alte servicii disponibile pentru oricine are o nevoie urgent\u0103 de asisten\u021b\u0103 medical\u0103.&nbsp;&nbsp;<\/p>\n\n\n\n<p>\u201eDac\u0103 a\u021bi avut deja o programare pentru luni, medicul dumneavoastr\u0103 v\u0103 va contacta pentru a rearanja acest lucru, dar dac\u0103 problema dumneavoastr\u0103 este urgent\u0103, pute\u021bi contacta NHS111 online. <a href=\"http:\/\/www.111.nhs.uk\">www.111.nhs.uk<\/a> sau sun\u00e2nd la 111 \u0219i v\u0103 vor \u00eendruma c\u0103tre cel mai potrivit serviciu.\u201d<\/p>\n\n\n\n<p>Oamenilor li se reaminte\u0219te, de asemenea, s\u0103 comande orice re\u021bet\u0103 repetat\u0103 la timp pentru a se asigura c\u0103 au suma potrivit\u0103 pentru s\u0103rb\u0103toarea bancar\u0103. Medicamentele pot fi comandate folosind aplica\u021bia NHS sau prin cabinetele de medicin\u0103 general\u0103, care vor avea \u0219i un serviciu online.<\/p>\n\n\n\n<p>Aplica\u021bia NHS ofer\u0103, de asemenea, informa\u021bii despre accesarea ajutorului urgent pentru s\u0103n\u0103tatea fizic\u0103 sau mintal\u0103 \u0219i le permite oamenilor s\u0103 \u00ee\u0219i acceseze dosarele de s\u0103n\u0103tate \u0219i s\u0103 fac\u0103 program\u0103ri.<\/p>\n\n\n\n<p>Pentru toate celelalte nevoi urgente de s\u0103n\u0103tate \u00een timpul s\u0103rb\u0103torii legale, oamenii sunt sf\u0103tui\u021bi s\u0103 contacteze NHS111 online <a href=\"http:\/\/www.111.nhs.uk\">www.111.nhs.uk<\/a> sau sun\u00e2nd la 111.<\/p>\n\n\n\n<p>Farmacii comunitari, care sunt profesioni\u0219ti califica\u021bi \u00een domeniul s\u0103n\u0103t\u0103\u021bii, pot oferi, de asemenea, o serie de sfaturi privind s\u0103n\u0103tatea. Orele de deschidere de s\u0103rb\u0103torile legale pentru farmaci\u0219tii din Leicester, Leicestershire \u0219i Rutland sunt disponibile la: <a href=\"https:\/\/www.england.nhs.uk\/midlands\/nhs-england-and-nhs-improvement-midlands-work\/bank-holiday-pharmacy-opening-times\/\">https:\/\/www.england.nhs.uk\/midlands\/nhs-england-and-nhs-improvement-midlands-work\/bank-holiday-pharmacy-opening-times\/<\/a>.<\/p>\n\n\n\n<p>Pentru asisten\u021b\u0103 \u00een domeniul s\u0103n\u0103t\u0103\u021bii mintale, punctul central de acces (CAP), care este deschis 24 de ore pe zi, 7 zile pe s\u0103pt\u0103m\u00e2n\u0103, v\u0103 poate aranja s\u0103 vorbi\u021bi cu cineva care v\u0103 poate evalua nevoile \u0219i v\u0103 poate oferi sfaturi sau v\u0103 poate trimite direct la un serviciu adecvat. . \u00cen Leicester, Leicestershire \u0219i Rutland, pute\u021bi contacta CAP la 0116 295 3060 \u0219i 0808 800 3302. &nbsp;<\/p>\n\n\n\n<p>Serviciul 999 trebuie utilizat numai pentru o situa\u021bie medical\u0103 urgent\u0103, care pune via\u021ba \u00een pericol, \u00een care este necesar\u0103 asisten\u021b\u0103 de urgen\u021b\u0103.<\/p>","protected":false},"excerpt":{"rendered":"<p>GP practices in Leicester, Leicestershire and Rutland will be closed on Monday 19 September, as a mark of respect for Her Majesty The Queen\u2019s passing and to give an opportunity [&hellip;]<\/p>\n","protected":false},"author":8,"featured_media":1798,"comment_status":"open","ping_status":"open","sticky":false,"template":"","format":"standard","meta":{"_eb_attr":"","_jetpack_memberships_contains_paid_content":false,"footnotes":""},"categories":[15],"tags":[],"class_list":["post-2588","post","type-post","status-publish","format-standard","has-post-thumbnail","hentry","category-press-releases"],"yoast_head":"<!-- This site is optimized with the Yoast SEO plugin v27.5 - https:\/\/yoast.com\/product\/yoast-seo-wordpress\/ -->\n<title>GP practices to close on the day of the Queen\u2019s funeral - LLR ICB<\/title>\n<meta name=\"robots\" content=\"index, follow, max-snippet:-1, max-image-preview:large, max-video-preview:-1\" \/>\n<link rel=\"canonical\" href=\"https:\/\/leicesterleicestershireandrutland.icb.nhs.uk\/ro\/gp-practices-to-close-on-the-day-of-the-queens-funeral\/\" \/>\n<meta property=\"og:locale\" content=\"ro_RO\" \/>\n<meta property=\"og:type\" content=\"article\" \/>\n<meta property=\"og:title\" content=\"GP practices to close on the day of the Queen\u2019s funeral - LLR ICB\" \/>\n<meta property=\"og:description\" content=\"GP practices in Leicester, Leicestershire and Rutland will be closed on Monday 19 September, as a mark of respect for Her Majesty The Queen\u2019s passing and to give an opportunity [&hellip;]\" \/>\n<meta property=\"og:url\" content=\"https:\/\/leicesterleicestershireandrutland.icb.nhs.uk\/ro\/gp-practices-to-close-on-the-day-of-the-queens-funeral\/\" \/>\n<meta property=\"og:site_name\" content=\"LLR ICB\" \/>\n<meta property=\"article:publisher\" content=\"https:\/\/www.facebook.com\/NHSLLR\" \/>\n<meta property=\"article:published_time\" content=\"2022-09-15T14:30:57+00:00\" \/>\n<meta property=\"article:modified_time\" content=\"2022-09-15T14:30:58+00:00\" \/>\n<meta property=\"og:image\" content=\"https:\/\/leicesterleicestershireandrutland.icb.nhs.uk\/wp-content\/uploads\/2022\/08\/Press-release-graphic.jpg\" \/>\n\t<meta property=\"og:image:width\" content=\"1000\" \/>\n\t<meta property=\"og:image:height\" content=\"800\" \/>\n\t<meta property=\"og:image:type\" content=\"image\/jpeg\" \/>\n<meta name=\"author\" content=\"Anna Olek\" \/>\n<meta name=\"twitter:card\" content=\"summary_large_image\" \/>\n<meta name=\"twitter:creator\" content=\"@NHS_LLR\" \/>\n<meta name=\"twitter:site\" content=\"@NHS_LLR\" \/>\n<meta name=\"twitter:label1\" content=\"Scris de\" \/>\n\t<meta name=\"twitter:data1\" content=\"Anna Olek\" \/>\n\t<meta name=\"twitter:label2\" content=\"Timp estimat pentru citire\" \/>\n\t<meta name=\"twitter:data2\" content=\"2 minute\" \/>\n<script type=\"application\/ld+json\" class=\"yoast-schema-graph\">{\"@context\":\"https:\\\/\\\/schema.org\",\"@graph\":[{\"@type\":\"Article\",\"@id\":\"https:\\\/\\\/leicesterleicestershireandrutland.icb.nhs.uk\\\/gp-practices-to-close-on-the-day-of-the-queens-funeral\\\/#article\",\"isPartOf\":{\"@id\":\"https:\\\/\\\/leicesterleicestershireandrutland.icb.nhs.uk\\\/gp-practices-to-close-on-the-day-of-the-queens-funeral\\\/\"},\"author\":{\"name\":\"Anna Olek\",\"@id\":\"https:\\\/\\\/leicesterleicestershireandrutland.icb.nhs.uk\\\/#\\\/schema\\\/person\\\/b12f745249b2b21624b845a24ac3b8c7\"},\"headline\":\"GP practices to close on the day of the Queen\u2019s funeral\",\"datePublished\":\"2022-09-15T14:30:57+00:00\",\"dateModified\":\"2022-09-15T14:30:58+00:00\",\"mainEntityOfPage\":{\"@id\":\"https:\\\/\\\/leicesterleicestershireandrutland.icb.nhs.uk\\\/gp-practices-to-close-on-the-day-of-the-queens-funeral\\\/\"},\"wordCount\":417,\"commentCount\":0,\"publisher\":{\"@id\":\"https:\\\/\\\/leicesterleicestershireandrutland.icb.nhs.uk\\\/#organization\"},\"image\":{\"@id\":\"https:\\\/\\\/leicesterleicestershireandrutland.icb.nhs.uk\\\/gp-practices-to-close-on-the-day-of-the-queens-funeral\\\/#primaryimage\"},\"thumbnailUrl\":\"https:\\\/\\\/i0.wp.com\\\/leicesterleicestershireandrutland.icb.nhs.uk\\\/wp-content\\\/uploads\\\/2022\\\/08\\\/Press-release-graphic.jpg?fit=1000%2C800&ssl=1\",\"articleSection\":[\"Press Releases\"],\"inLanguage\":\"ro-RO\",\"potentialAction\":[{\"@type\":\"CommentAction\",\"name\":\"Comment\",\"target\":[\"https:\\\/\\\/leicesterleicestershireandrutland.icb.nhs.uk\\\/gp-practices-to-close-on-the-day-of-the-queens-funeral\\\/#respond\"]}]},{\"@type\":\"WebPage\",\"@id\":\"https:\\\/\\\/leicesterleicestershireandrutland.icb.nhs.uk\\\/gp-practices-to-close-on-the-day-of-the-queens-funeral\\\/\",\"url\":\"https:\\\/\\\/leicesterleicestershireandrutland.icb.nhs.uk\\\/gp-practices-to-close-on-the-day-of-the-queens-funeral\\\/\",\"name\":\"GP practices to close on the day of the Queen\u2019s funeral - LLR ICB\",\"isPartOf\":{\"@id\":\"https:\\\/\\\/leicesterleicestershireandrutland.icb.nhs.uk\\\/#website\"},\"primaryImageOfPage\":{\"@id\":\"https:\\\/\\\/leicesterleicestershireandrutland.icb.nhs.uk\\\/gp-practices-to-close-on-the-day-of-the-queens-funeral\\\/#primaryimage\"},\"image\":{\"@id\":\"https:\\\/\\\/leicesterleicestershireandrutland.icb.nhs.uk\\\/gp-practices-to-close-on-the-day-of-the-queens-funeral\\\/#primaryimage\"},\"thumbnailUrl\":\"https:\\\/\\\/i0.wp.com\\\/leicesterleicestershireandrutland.icb.nhs.uk\\\/wp-content\\\/uploads\\\/2022\\\/08\\\/Press-release-graphic.jpg?fit=1000%2C800&ssl=1\",\"datePublished\":\"2022-09-15T14:30:57+00:00\",\"dateModified\":\"2022-09-15T14:30:58+00:00\",\"breadcrumb\":{\"@id\":\"https:\\\/\\\/leicesterleicestershireandrutland.icb.nhs.uk\\\/gp-practices-to-close-on-the-day-of-the-queens-funeral\\\/#breadcrumb\"},\"inLanguage\":\"ro-RO\",\"potentialAction\":[{\"@type\":\"ReadAction\",\"target\":[\"https:\\\/\\\/leicesterleicestershireandrutland.icb.nhs.uk\\\/gp-practices-to-close-on-the-day-of-the-queens-funeral\\\/\"]}]},{\"@type\":\"ImageObject\",\"inLanguage\":\"ro-RO\",\"@id\":\"https:\\\/\\\/leicesterleicestershireandrutland.icb.nhs.uk\\\/gp-practices-to-close-on-the-day-of-the-queens-funeral\\\/#primaryimage\",\"url\":\"https:\\\/\\\/i0.wp.com\\\/leicesterleicestershireandrutland.icb.nhs.uk\\\/wp-content\\\/uploads\\\/2022\\\/08\\\/Press-release-graphic.jpg?fit=1000%2C800&ssl=1\",\"contentUrl\":\"https:\\\/\\\/i0.wp.com\\\/leicesterleicestershireandrutland.icb.nhs.uk\\\/wp-content\\\/uploads\\\/2022\\\/08\\\/Press-release-graphic.jpg?fit=1000%2C800&ssl=1\",\"width\":1000,\"height\":800,\"caption\":\"Graphic with blue background with a white image of a megaphone.\"},{\"@type\":\"BreadcrumbList\",\"@id\":\"https:\\\/\\\/leicesterleicestershireandrutland.icb.nhs.uk\\\/gp-practices-to-close-on-the-day-of-the-queens-funeral\\\/#breadcrumb\",\"itemListElement\":[{\"@type\":\"ListItem\",\"position\":1,\"name\":\"Home\",\"item\":\"https:\\\/\\\/leicesterleicestershireandrutland.icb.nhs.uk\\\/\"},{\"@type\":\"ListItem\",\"position\":2,\"name\":\"GP practices to close on the day of the Queen\u2019s funeral\"}]},{\"@type\":\"WebSite\",\"@id\":\"https:\\\/\\\/leicesterleicestershireandrutland.icb.nhs.uk\\\/#website\",\"url\":\"https:\\\/\\\/leicesterleicestershireandrutland.icb.nhs.uk\\\/\",\"name\":\"LLR ICB\",\"description\":\"LLR Integrated Care Board\",\"publisher\":{\"@id\":\"https:\\\/\\\/leicesterleicestershireandrutland.icb.nhs.uk\\\/#organization\"},\"potentialAction\":[{\"@type\":\"SearchAction\",\"target\":{\"@type\":\"EntryPoint\",\"urlTemplate\":\"https:\\\/\\\/leicesterleicestershireandrutland.icb.nhs.uk\\\/?s={search_term_string}\"},\"query-input\":{\"@type\":\"PropertyValueSpecification\",\"valueRequired\":true,\"valueName\":\"search_term_string\"}}],\"inLanguage\":\"ro-RO\"},{\"@type\":\"Organization\",\"@id\":\"https:\\\/\\\/leicesterleicestershireandrutland.icb.nhs.uk\\\/#organization\",\"name\":\"LLR ICB\",\"url\":\"https:\\\/\\\/leicesterleicestershireandrutland.icb.nhs.uk\\\/\",\"logo\":{\"@type\":\"ImageObject\",\"inLanguage\":\"ro-RO\",\"@id\":\"https:\\\/\\\/leicesterleicestershireandrutland.icb.nhs.uk\\\/#\\\/schema\\\/logo\\\/image\\\/\",\"url\":\"https:\\\/\\\/i0.wp.com\\\/leicesterleicestershireandrutland.icb.nhs.uk\\\/wp-content\\\/uploads\\\/2022\\\/06\\\/New-Project-4.jpg?fit=452%2C93&ssl=1\",\"contentUrl\":\"https:\\\/\\\/i0.wp.com\\\/leicesterleicestershireandrutland.icb.nhs.uk\\\/wp-content\\\/uploads\\\/2022\\\/06\\\/New-Project-4.jpg?fit=452%2C93&ssl=1\",\"width\":452,\"height\":93,\"caption\":\"LLR ICB\"},\"image\":{\"@id\":\"https:\\\/\\\/leicesterleicestershireandrutland.icb.nhs.uk\\\/#\\\/schema\\\/logo\\\/image\\\/\"},\"sameAs\":[\"https:\\\/\\\/www.facebook.com\\\/NHSLLR\",\"https:\\\/\\\/x.com\\\/NHS_LLR\",\"https:\\\/\\\/www.instagram.com\\\/nhsllr\\\/\"]},{\"@type\":\"Person\",\"@id\":\"https:\\\/\\\/leicesterleicestershireandrutland.icb.nhs.uk\\\/#\\\/schema\\\/person\\\/b12f745249b2b21624b845a24ac3b8c7\",\"name\":\"Anna Olek\",\"url\":\"https:\\\/\\\/leicesterleicestershireandrutland.icb.nhs.uk\\\/ro\\\/author\\\/anna-oleknhs-net\\\/\"}]}<\/script>\n<!-- \/ Yoast SEO plugin. -->","yoast_head_json":{"title":"GP practices to close on the day of the Queen\u2019s funeral - LLR ICB","robots":{"index":"index","follow":"follow","max-snippet":"max-snippet:-1","max-image-preview":"max-image-preview:large","max-video-preview":"max-video-preview:-1"},"canonical":"https:\/\/leicesterleicestershireandrutland.icb.nhs.uk\/ro\/gp-practices-to-close-on-the-day-of-the-queens-funeral\/","og_locale":"ro_RO","og_type":"article","og_title":"GP practices to close on the day of the Queen\u2019s funeral - LLR ICB","og_description":"GP practices in Leicester, Leicestershire and Rutland will be closed on Monday 19 September, as a mark of respect for Her Majesty The Queen\u2019s passing and to give an opportunity [&hellip;]","og_url":"https:\/\/leicesterleicestershireandrutland.icb.nhs.uk\/ro\/gp-practices-to-close-on-the-day-of-the-queens-funeral\/","og_site_name":"LLR ICB","article_publisher":"https:\/\/www.facebook.com\/NHSLLR","article_published_time":"2022-09-15T14:30:57+00:00","article_modified_time":"2022-09-15T14:30:58+00:00","og_image":[{"width":1000,"height":800,"url":"https:\/\/leicesterleicestershireandrutland.icb.nhs.uk\/wp-content\/uploads\/2022\/08\/Press-release-graphic.jpg","type":"image\/jpeg"}],"author":"Anna Olek","twitter_card":"summary_large_image","twitter_creator":"@NHS_LLR","twitter_site":"@NHS_LLR","twitter_misc":{"Scris de":"Anna Olek","Timp estimat pentru citire":"2 minute"},"schema":{"@context":"https:\/\/schema.org","@graph":[{"@type":"Article","@id":"https:\/\/leicesterleicestershireandrutland.icb.nhs.uk\/gp-practices-to-close-on-the-day-of-the-queens-funeral\/#article","isPartOf":{"@id":"https:\/\/leicesterleicestershireandrutland.icb.nhs.uk\/gp-practices-to-close-on-the-day-of-the-queens-funeral\/"},"author":{"name":"Anna Olek","@id":"https:\/\/leicesterleicestershireandrutland.icb.nhs.uk\/#\/schema\/person\/b12f745249b2b21624b845a24ac3b8c7"},"headline":"GP practices to close on the day of the Queen\u2019s funeral","datePublished":"2022-09-15T14:30:57+00:00","dateModified":"2022-09-15T14:30:58+00:00","mainEntityOfPage":{"@id":"https:\/\/leicesterleicestershireandrutland.icb.nhs.uk\/gp-practices-to-close-on-the-day-of-the-queens-funeral\/"},"wordCount":417,"commentCount":0,"publisher":{"@id":"https:\/\/leicesterleicestershireandrutland.icb.nhs.uk\/#organization"},"image":{"@id":"https:\/\/leicesterleicestershireandrutland.icb.nhs.uk\/gp-practices-to-close-on-the-day-of-the-queens-funeral\/#primaryimage"},"thumbnailUrl":"https:\/\/i0.wp.com\/leicesterleicestershireandrutland.icb.nhs.uk\/wp-content\/uploads\/2022\/08\/Press-release-graphic.jpg?fit=1000%2C800&ssl=1","articleSection":["Press Releases"],"inLanguage":"ro-RO","potentialAction":[{"@type":"CommentAction","name":"Comment","target":["https:\/\/leicesterleicestershireandrutland.icb.nhs.uk\/gp-practices-to-close-on-the-day-of-the-queens-funeral\/#respond"]}]},{"@type":"WebPage","@id":"https:\/\/leicesterleicestershireandrutland.icb.nhs.uk\/gp-practices-to-close-on-the-day-of-the-queens-funeral\/","url":"https:\/\/leicesterleicestershireandrutland.icb.nhs.uk\/gp-practices-to-close-on-the-day-of-the-queens-funeral\/","name":"GP practices to close on the day of the Queen\u2019s funeral - LLR ICB","isPartOf":{"@id":"https:\/\/leicesterleicestershireandrutland.icb.nhs.uk\/#website"},"primaryImageOfPage":{"@id":"https:\/\/leicesterleicestershireandrutland.icb.nhs.uk\/gp-practices-to-close-on-the-day-of-the-queens-funeral\/#primaryimage"},"image":{"@id":"https:\/\/leicesterleicestershireandrutland.icb.nhs.uk\/gp-practices-to-close-on-the-day-of-the-queens-funeral\/#primaryimage"},"thumbnailUrl":"https:\/\/i0.wp.com\/leicesterleicestershireandrutland.icb.nhs.uk\/wp-content\/uploads\/2022\/08\/Press-release-graphic.jpg?fit=1000%2C800&ssl=1","datePublished":"2022-09-15T14:30:57+00:00","dateModified":"2022-09-15T14:30:58+00:00","breadcrumb":{"@id":"https:\/\/leicesterleicestershireandrutland.icb.nhs.uk\/gp-practices-to-close-on-the-day-of-the-queens-funeral\/#breadcrumb"},"inLanguage":"ro-RO","potentialAction":[{"@type":"ReadAction","target":["https:\/\/leicesterleicestershireandrutland.icb.nhs.uk\/gp-practices-to-close-on-the-day-of-the-queens-funeral\/"]}]},{"@type":"ImageObject","inLanguage":"ro-RO","@id":"https:\/\/leicesterleicestershireandrutland.icb.nhs.uk\/gp-practices-to-close-on-the-day-of-the-queens-funeral\/#primaryimage","url":"https:\/\/i0.wp.com\/leicesterleicestershireandrutland.icb.nhs.uk\/wp-content\/uploads\/2022\/08\/Press-release-graphic.jpg?fit=1000%2C800&ssl=1","contentUrl":"https:\/\/i0.wp.com\/leicesterleicestershireandrutland.icb.nhs.uk\/wp-content\/uploads\/2022\/08\/Press-release-graphic.jpg?fit=1000%2C800&ssl=1","width":1000,"height":800,"caption":"Graphic with blue background with a white image of a megaphone."},{"@type":"BreadcrumbList","@id":"https:\/\/leicesterleicestershireandrutland.icb.nhs.uk\/gp-practices-to-close-on-the-day-of-the-queens-funeral\/#breadcrumb","itemListElement":[{"@type":"ListItem","position":1,"name":"Home","item":"https:\/\/leicesterleicestershireandrutland.icb.nhs.uk\/"},{"@type":"ListItem","position":2,"name":"GP practices to close on the day of the Queen\u2019s funeral"}]},{"@type":"WebSite","@id":"https:\/\/leicesterleicestershireandrutland.icb.nhs.uk\/#website","url":"https:\/\/leicesterleicestershireandrutland.icb.nhs.uk\/","name":"LLR ICB","description":"LLR Integrated Care Board","publisher":{"@id":"https:\/\/leicesterleicestershireandrutland.icb.nhs.uk\/#organization"},"potentialAction":[{"@type":"SearchAction","target":{"@type":"EntryPoint","urlTemplate":"https:\/\/leicesterleicestershireandrutland.icb.nhs.uk\/?s={search_term_string}"},"query-input":{"@type":"PropertyValueSpecification","valueRequired":true,"valueName":"search_term_string"}}],"inLanguage":"ro-RO"},{"@type":"Organization","@id":"https:\/\/leicesterleicestershireandrutland.icb.nhs.uk\/#organization","name":"LLR ICB","url":"https:\/\/leicesterleicestershireandrutland.icb.nhs.uk\/","logo":{"@type":"ImageObject","inLanguage":"ro-RO","@id":"https:\/\/leicesterleicestershireandrutland.icb.nhs.uk\/#\/schema\/logo\/image\/","url":"https:\/\/i0.wp.com\/leicesterleicestershireandrutland.icb.nhs.uk\/wp-content\/uploads\/2022\/06\/New-Project-4.jpg?fit=452%2C93&ssl=1","contentUrl":"https:\/\/i0.wp.com\/leicesterleicestershireandrutland.icb.nhs.uk\/wp-content\/uploads\/2022\/06\/New-Project-4.jpg?fit=452%2C93&ssl=1","width":452,"height":93,"caption":"LLR ICB"},"image":{"@id":"https:\/\/leicesterleicestershireandrutland.icb.nhs.uk\/#\/schema\/logo\/image\/"},"sameAs":["https:\/\/www.facebook.com\/NHSLLR","https:\/\/x.com\/NHS_LLR","https:\/\/www.instagram.com\/nhsllr\/"]},{"@type":"Person","@id":"https:\/\/leicesterleicestershireandrutland.icb.nhs.uk\/#\/schema\/person\/b12f745249b2b21624b845a24ac3b8c7","name":"Anna Olek","url":"https:\/\/leicesterleicestershireandrutland.icb.nhs.uk\/ro\/author\/anna-oleknhs-net\/"}]}},"jetpack_featured_media_url":"https:\/\/i0.wp.com\/leicesterleicestershireandrutland.icb.nhs.uk\/wp-content\/uploads\/2022\/08\/Press-release-graphic.jpg?fit=1000%2C800&ssl=1","jetpack_sharing_enabled":true,"_links":{"self":[{"href":"https:\/\/leicesterleicestershireandrutland.icb.nhs.uk\/ro\/wp-json\/wp\/v2\/posts\/2588","targetHints":{"allow":["GET"]}}],"collection":[{"href":"https:\/\/leicesterleicestershireandrutland.icb.nhs.uk\/ro\/wp-json\/wp\/v2\/posts"}],"about":[{"href":"https:\/\/leicesterleicestershireandrutland.icb.nhs.uk\/ro\/wp-json\/wp\/v2\/types\/post"}],"author":[{"embeddable":true,"href":"https:\/\/leicesterleicestershireandrutland.icb.nhs.uk\/ro\/wp-json\/wp\/v2\/users\/8"}],"replies":[{"embeddable":true,"href":"https:\/\/leicesterleicestershireandrutland.icb.nhs.uk\/ro\/wp-json\/wp\/v2\/comments?post=2588"}],"version-history":[{"count":1,"href":"https:\/\/leicesterleicestershireandrutland.icb.nhs.uk\/ro\/wp-json\/wp\/v2\/posts\/2588\/revisions"}],"predecessor-version":[{"id":2589,"href":"https:\/\/leicesterleicestershireandrutland.icb.nhs.uk\/ro\/wp-json\/wp\/v2\/posts\/2588\/revisions\/2589"}],"wp:featuredmedia":[{"embeddable":true,"href":"https:\/\/leicesterleicestershireandrutland.icb.nhs.uk\/ro\/wp-json\/wp\/v2\/media\/1798"}],"wp:attachment":[{"href":"https:\/\/leicesterleicestershireandrutland.icb.nhs.uk\/ro\/wp-json\/wp\/v2\/media?parent=2588"}],"wp:term":[{"taxonomy":"category","embeddable":true,"href":"https:\/\/leicesterleicestershireandrutland.icb.nhs.uk\/ro\/wp-json\/wp\/v2\/categories?post=2588"},{"taxonomy":"post_tag","embeddable":true,"href":"https:\/\/leicesterleicestershireandrutland.icb.nhs.uk\/ro\/wp-json\/wp\/v2\/tags?post=2588"}],"curies":[{"name":"wp","href":"https:\/\/api.w.org\/{rel}","templated":true}]}}