{"id":9418,"date":"2023-05-17T12:11:00","date_gmt":"2023-05-17T12:11:00","guid":{"rendered":"https:\/\/leicesterleicestershireandrutland.icb.nhs.uk\/?p=9418"},"modified":"2023-05-22T12:16:48","modified_gmt":"2023-05-22T12:16:48","slug":"call-for-people-in-leicester-leicestershire-and-rutland-to-act-now-on-dementia","status":"publish","type":"post","link":"https:\/\/leicesterleicestershireandrutland.icb.nhs.uk\/ro\/call-for-people-in-leicester-leicestershire-and-rutland-to-act-now-on-dementia\/","title":{"rendered":"Apela\u021bi ca oamenii din Leicester, Leicestershire \u0219i Rutland s\u0103 ac\u021bioneze acum asupra demen\u021bei"},"content":{"rendered":"<p>Organiza\u021biile de s\u0103n\u0103tate \u0219i \u00eengrijire din Leicester, Leicestershire \u0219i Rutland (LLR) se reunesc pentru a cre\u0219te gradul de con\u0219tientizare cu privire la demen\u021b\u0103 pentru a permite cele mai bune rezultate posibile pentru experien\u021ba pacientului \u00een timpul trimiterii, diagnostic\u0103rii \u0219i tratamentului bolii.<\/p>\n\n\n\n<p>S\u0103pt\u0103m\u00e2na de con\u0219tientizare a demen\u021bei (15 \u2013 21 mai), organizat\u0103 de Societatea Alzheimer, se concentreaz\u0103 anul acesta pe diagnosticarea precoce.<\/p>\n\n\n\n<p>Dr. Wafaa Nawaz, responsabil pentru s\u0103n\u0103tate mintal\u0103 \u0219i dizabilit\u0103\u021bi de \u00eenv\u0103\u021bare la LLR Integrated Care Board (ICB) a declarat: \u201eSprijinirea \u0219i ajutarea persoanelor care tr\u0103iesc cu demen\u021b\u0103 \u0219i a \u00eengrijitorilor lor r\u0103m\u00e2ne o prioritate pentru organiza\u021biile locale de s\u0103n\u0103tate \u0219i asisten\u021b\u0103 social\u0103. De aceea, lucr\u0103m cu to\u021bi partenerii pentru a produce noua strategie de a tr\u0103i bine cu demen\u021ba, care va fi publicat\u0103 la \u00eenceputul anului 2024. Pentru S\u0103pt\u0103m\u00e2na de con\u0219tientizare a demen\u021bei mesajul nostru este s\u0103 ob\u021binem ajutor c\u00e2t mai cur\u00e2nd posibil, deoarece \u0219tim c\u0103 diagnosticarea precoce este esen\u021bial\u0103. \u00een tratamentul demen\u021bei.<\/p>\n\n\n\n<p>\u201e\u0218tim c\u0103 sunt multe de f\u0103cut \u0219i salut\u0103m raportul de s\u0103pt\u0103m\u00e2na trecut\u0103 de la Health Watch, <a href=\"https:\/\/www.healthwatchrutland.co.uk\/news\/2023-05-09\/living-dementia-leicester-leicestershire-and-rutland\">Locui\u021bi cu demen\u021b\u0103 \u00een Leicester, Leicestershire \u0219i Rutland<\/a>, care reprezint\u0103 vocile experien\u021belor oamenilor cu privire la serviciile de demen\u021b\u0103 \u0219i face recomand\u0103ri clare cu privire la modul \u00een care se pot face \u00eembun\u0103t\u0103\u021biri.\u201d&nbsp;<\/p>\n\n\n\n<p>Partenerii acestei S\u0103pt\u0103m\u00e2ni de ac\u021biune \u00eempotriva demen\u021bei din LLR sper\u0103 s\u0103 creasc\u0103 gradul de con\u0219tientizare a ajutorului disponibil \u0219i \u00eencurajeaz\u0103 pe oricine este \u00eengrijorat c\u0103 ei sau cineva apropiat ar putea avea semne de demen\u021b\u0103, s\u0103 \u201eAc\u021bioneze asupra demen\u021bei\u201d \u0219i s\u0103 caute sprijin \u0219i un diagnostic.<\/p>\n\n\n\n<p>Un partener cheie este Consiliul Jude\u021bean Leicestershire. Consilierul Christine Radford, membru al cabinetului pentru adul\u021bi \u0219i comunit\u0103\u021bi, a declarat: \u201eSuntem \u00eenc\u00e2nta\u021bi de faptul c\u0103 Strategia actual\u0103 pentru a tr\u0103i bine cu demen\u021ba a realizat realiz\u0103ri semnificative \u00een \u00eembun\u0103t\u0103\u021birea calit\u0103\u021bii vie\u021bii persoanelor care tr\u0103iesc cu demen\u021b\u0103 \u0219i a familiei \u0219i prietenilor care \u00eei sus\u021bin.<\/p>\n\n\n\n<p>\u201eEste disponibil ajutor, inclusiv asisten\u021b\u0103 individual\u0103 pentru demen\u021b\u0103, sesiuni de informare dup\u0103 diagnostic, sfaturi privind beneficiile, cafenele de memorie \u0219i grupuri sociale, \u00eenv\u0103\u021bare informal\u0103 a \u00eengrijitorilor, suport digital \u0219i pachete de informa\u021bii \u0219i recunoa\u0219tem c\u00e2t de important este acest sprijin pentru oricine este afectat de un diagnostic de demen\u021b\u0103.\u201d<\/p>\n\n\n\n<p>\u00cen aceast\u0103 s\u0103pt\u0103m\u00e2n\u0103, NHS Anglia a pus, de asemenea, un accent deosebit pe persoanele din minorit\u0103\u021bile etnice care primesc adesea rate \u0219i mai mici de diagnosticare.<\/p>\n\n\n\n<p>Vipul Patel, director adjunct pentru serviciul de memorie la Leicestershire Partnership Trust, a declarat: \u201e\u00cen Leicester, Leicestershire \u0219i Rutland, ratele de diagnosticare sunt mai mici dec\u00e2t se a\u0219tepta, ceea ce sugereaz\u0103 c\u0103 exist\u0103 pacien\u021bi de care nu suntem con\u0219tien\u021bi, cu simptome de demen\u021b\u0103. Acest lucru s-ar putea datora par\u021bial faptului c\u0103 persoanele din minorit\u0103\u021bile etnice au adesea un diagnostic \u00eent\u00e2rziat din cauza barierelor culturale, iar acest lucru a fost eviden\u021biat \u00eentr-un nou <a href=\"https:\/\/www.england.nhs.uk\/wp-content\/uploads\/2023\/05\/what-is-dementia-leaflet-for-ethnic-minority-communities.pdf\">Ghid NHS<\/a>. A\u0219 \u00eencuraja oamenii cu \u00eengrijor\u0103ri s\u0103 foloseasc\u0103 simptomele Alzheimer din Marea Britanie <a href=\"https:\/\/www.england.nhs.uk\/publication\/what-is-dementia-a-leaflet-for-ethnic-minority-communities\/\">lista de verificare<\/a>\u0219i dac\u0103 au nel\u0103muriri, atunci s\u0103-\u0219i contacteze medicul de familie.\u201d<\/p>","protected":false},"excerpt":{"rendered":"<p>Organiza\u021biile de s\u0103n\u0103tate \u0219i \u00eengrijire din Leicester, Leicestershire \u0219i Rutland (LLR) se reunesc pentru a cre\u0219te gradul de con\u0219tientizare cu privire la demen\u021b\u0103 <\/p>","protected":false},"author":8,"featured_media":1798,"comment_status":"open","ping_status":"open","sticky":false,"template":"","format":"standard","meta":{"_eb_attr":"","_jetpack_memberships_contains_paid_content":false,"footnotes":""},"categories":[15],"tags":[],"class_list":["post-9418","post","type-post","status-publish","format-standard","has-post-thumbnail","hentry","category-press-releases"],"yoast_head":"<!-- This site is optimized with the Yoast SEO plugin v27.5 - https:\/\/yoast.com\/product\/yoast-seo-wordpress\/ -->\n<title>Call for people in Leicester, Leicestershire and Rutland to act now on dementia - LLR ICB<\/title>\n<meta name=\"robots\" content=\"index, follow, max-snippet:-1, max-image-preview:large, max-video-preview:-1\" \/>\n<link rel=\"canonical\" href=\"https:\/\/leicesterleicestershireandrutland.icb.nhs.uk\/ro\/call-for-people-in-leicester-leicestershire-and-rutland-to-act-now-on-dementia\/\" \/>\n<meta property=\"og:locale\" content=\"ro_RO\" \/>\n<meta property=\"og:type\" content=\"article\" \/>\n<meta property=\"og:title\" content=\"Call for people in Leicester, Leicestershire and Rutland to act now on dementia - LLR ICB\" \/>\n<meta property=\"og:description\" content=\"Health and care organisations across Leicester, Leicestershire and Rutland (LLR) are getting together to raise awareness of dementia\" \/>\n<meta property=\"og:url\" content=\"https:\/\/leicesterleicestershireandrutland.icb.nhs.uk\/ro\/call-for-people-in-leicester-leicestershire-and-rutland-to-act-now-on-dementia\/\" \/>\n<meta property=\"og:site_name\" content=\"LLR ICB\" \/>\n<meta property=\"article:publisher\" content=\"https:\/\/www.facebook.com\/NHSLLR\" \/>\n<meta property=\"article:published_time\" content=\"2023-05-17T12:11:00+00:00\" \/>\n<meta property=\"article:modified_time\" content=\"2023-05-22T12:16:48+00:00\" \/>\n<meta property=\"og:image\" content=\"https:\/\/leicesterleicestershireandrutland.icb.nhs.uk\/wp-content\/uploads\/2022\/08\/Press-release-graphic.jpg\" \/>\n\t<meta property=\"og:image:width\" content=\"1000\" \/>\n\t<meta property=\"og:image:height\" content=\"800\" \/>\n\t<meta property=\"og:image:type\" content=\"image\/jpeg\" \/>\n<meta name=\"author\" content=\"Anna Olek\" \/>\n<meta name=\"twitter:card\" content=\"summary_large_image\" \/>\n<meta name=\"twitter:creator\" content=\"@NHS_LLR\" \/>\n<meta name=\"twitter:site\" content=\"@NHS_LLR\" \/>\n<meta name=\"twitter:label1\" content=\"Scris de\" \/>\n\t<meta name=\"twitter:data1\" content=\"Anna Olek\" \/>\n\t<meta name=\"twitter:label2\" content=\"Timp estimat pentru citire\" \/>\n\t<meta name=\"twitter:data2\" content=\"2 minute\" \/>\n<script type=\"application\/ld+json\" class=\"yoast-schema-graph\">{\"@context\":\"https:\\\/\\\/schema.org\",\"@graph\":[{\"@type\":\"Article\",\"@id\":\"https:\\\/\\\/leicesterleicestershireandrutland.icb.nhs.uk\\\/call-for-people-in-leicester-leicestershire-and-rutland-to-act-now-on-dementia\\\/#article\",\"isPartOf\":{\"@id\":\"https:\\\/\\\/leicesterleicestershireandrutland.icb.nhs.uk\\\/call-for-people-in-leicester-leicestershire-and-rutland-to-act-now-on-dementia\\\/\"},\"author\":{\"name\":\"Anna Olek\",\"@id\":\"https:\\\/\\\/leicesterleicestershireandrutland.icb.nhs.uk\\\/#\\\/schema\\\/person\\\/b12f745249b2b21624b845a24ac3b8c7\"},\"headline\":\"Call for people in Leicester, Leicestershire and Rutland to act now on dementia\",\"datePublished\":\"2023-05-17T12:11:00+00:00\",\"dateModified\":\"2023-05-22T12:16:48+00:00\",\"mainEntityOfPage\":{\"@id\":\"https:\\\/\\\/leicesterleicestershireandrutland.icb.nhs.uk\\\/call-for-people-in-leicester-leicestershire-and-rutland-to-act-now-on-dementia\\\/\"},\"wordCount\":458,\"commentCount\":0,\"publisher\":{\"@id\":\"https:\\\/\\\/leicesterleicestershireandrutland.icb.nhs.uk\\\/#organization\"},\"image\":{\"@id\":\"https:\\\/\\\/leicesterleicestershireandrutland.icb.nhs.uk\\\/call-for-people-in-leicester-leicestershire-and-rutland-to-act-now-on-dementia\\\/#primaryimage\"},\"thumbnailUrl\":\"https:\\\/\\\/i0.wp.com\\\/leicesterleicestershireandrutland.icb.nhs.uk\\\/wp-content\\\/uploads\\\/2022\\\/08\\\/Press-release-graphic.jpg?fit=1000%2C800&ssl=1\",\"articleSection\":[\"Press Releases\"],\"inLanguage\":\"ro-RO\",\"potentialAction\":[{\"@type\":\"CommentAction\",\"name\":\"Comment\",\"target\":[\"https:\\\/\\\/leicesterleicestershireandrutland.icb.nhs.uk\\\/call-for-people-in-leicester-leicestershire-and-rutland-to-act-now-on-dementia\\\/#respond\"]}]},{\"@type\":\"WebPage\",\"@id\":\"https:\\\/\\\/leicesterleicestershireandrutland.icb.nhs.uk\\\/call-for-people-in-leicester-leicestershire-and-rutland-to-act-now-on-dementia\\\/\",\"url\":\"https:\\\/\\\/leicesterleicestershireandrutland.icb.nhs.uk\\\/call-for-people-in-leicester-leicestershire-and-rutland-to-act-now-on-dementia\\\/\",\"name\":\"Call for people in Leicester, Leicestershire and Rutland to act now on dementia - LLR ICB\",\"isPartOf\":{\"@id\":\"https:\\\/\\\/leicesterleicestershireandrutland.icb.nhs.uk\\\/#website\"},\"primaryImageOfPage\":{\"@id\":\"https:\\\/\\\/leicesterleicestershireandrutland.icb.nhs.uk\\\/call-for-people-in-leicester-leicestershire-and-rutland-to-act-now-on-dementia\\\/#primaryimage\"},\"image\":{\"@id\":\"https:\\\/\\\/leicesterleicestershireandrutland.icb.nhs.uk\\\/call-for-people-in-leicester-leicestershire-and-rutland-to-act-now-on-dementia\\\/#primaryimage\"},\"thumbnailUrl\":\"https:\\\/\\\/i0.wp.com\\\/leicesterleicestershireandrutland.icb.nhs.uk\\\/wp-content\\\/uploads\\\/2022\\\/08\\\/Press-release-graphic.jpg?fit=1000%2C800&ssl=1\",\"datePublished\":\"2023-05-17T12:11:00+00:00\",\"dateModified\":\"2023-05-22T12:16:48+00:00\",\"breadcrumb\":{\"@id\":\"https:\\\/\\\/leicesterleicestershireandrutland.icb.nhs.uk\\\/call-for-people-in-leicester-leicestershire-and-rutland-to-act-now-on-dementia\\\/#breadcrumb\"},\"inLanguage\":\"ro-RO\",\"potentialAction\":[{\"@type\":\"ReadAction\",\"target\":[\"https:\\\/\\\/leicesterleicestershireandrutland.icb.nhs.uk\\\/call-for-people-in-leicester-leicestershire-and-rutland-to-act-now-on-dementia\\\/\"]}]},{\"@type\":\"ImageObject\",\"inLanguage\":\"ro-RO\",\"@id\":\"https:\\\/\\\/leicesterleicestershireandrutland.icb.nhs.uk\\\/call-for-people-in-leicester-leicestershire-and-rutland-to-act-now-on-dementia\\\/#primaryimage\",\"url\":\"https:\\\/\\\/i0.wp.com\\\/leicesterleicestershireandrutland.icb.nhs.uk\\\/wp-content\\\/uploads\\\/2022\\\/08\\\/Press-release-graphic.jpg?fit=1000%2C800&ssl=1\",\"contentUrl\":\"https:\\\/\\\/i0.wp.com\\\/leicesterleicestershireandrutland.icb.nhs.uk\\\/wp-content\\\/uploads\\\/2022\\\/08\\\/Press-release-graphic.jpg?fit=1000%2C800&ssl=1\",\"width\":1000,\"height\":800,\"caption\":\"Graphic with blue background with a white image of a megaphone.\"},{\"@type\":\"BreadcrumbList\",\"@id\":\"https:\\\/\\\/leicesterleicestershireandrutland.icb.nhs.uk\\\/call-for-people-in-leicester-leicestershire-and-rutland-to-act-now-on-dementia\\\/#breadcrumb\",\"itemListElement\":[{\"@type\":\"ListItem\",\"position\":1,\"name\":\"Home\",\"item\":\"https:\\\/\\\/leicesterleicestershireandrutland.icb.nhs.uk\\\/\"},{\"@type\":\"ListItem\",\"position\":2,\"name\":\"Call for people in Leicester, Leicestershire and Rutland to act now on dementia\"}]},{\"@type\":\"WebSite\",\"@id\":\"https:\\\/\\\/leicesterleicestershireandrutland.icb.nhs.uk\\\/#website\",\"url\":\"https:\\\/\\\/leicesterleicestershireandrutland.icb.nhs.uk\\\/\",\"name\":\"LLR ICB\",\"description\":\"LLR Integrated Care Board\",\"publisher\":{\"@id\":\"https:\\\/\\\/leicesterleicestershireandrutland.icb.nhs.uk\\\/#organization\"},\"potentialAction\":[{\"@type\":\"SearchAction\",\"target\":{\"@type\":\"EntryPoint\",\"urlTemplate\":\"https:\\\/\\\/leicesterleicestershireandrutland.icb.nhs.uk\\\/?s={search_term_string}\"},\"query-input\":{\"@type\":\"PropertyValueSpecification\",\"valueRequired\":true,\"valueName\":\"search_term_string\"}}],\"inLanguage\":\"ro-RO\"},{\"@type\":\"Organization\",\"@id\":\"https:\\\/\\\/leicesterleicestershireandrutland.icb.nhs.uk\\\/#organization\",\"name\":\"LLR ICB\",\"url\":\"https:\\\/\\\/leicesterleicestershireandrutland.icb.nhs.uk\\\/\",\"logo\":{\"@type\":\"ImageObject\",\"inLanguage\":\"ro-RO\",\"@id\":\"https:\\\/\\\/leicesterleicestershireandrutland.icb.nhs.uk\\\/#\\\/schema\\\/logo\\\/image\\\/\",\"url\":\"https:\\\/\\\/i0.wp.com\\\/leicesterleicestershireandrutland.icb.nhs.uk\\\/wp-content\\\/uploads\\\/2022\\\/06\\\/New-Project-4.jpg?fit=452%2C93&ssl=1\",\"contentUrl\":\"https:\\\/\\\/i0.wp.com\\\/leicesterleicestershireandrutland.icb.nhs.uk\\\/wp-content\\\/uploads\\\/2022\\\/06\\\/New-Project-4.jpg?fit=452%2C93&ssl=1\",\"width\":452,\"height\":93,\"caption\":\"LLR ICB\"},\"image\":{\"@id\":\"https:\\\/\\\/leicesterleicestershireandrutland.icb.nhs.uk\\\/#\\\/schema\\\/logo\\\/image\\\/\"},\"sameAs\":[\"https:\\\/\\\/www.facebook.com\\\/NHSLLR\",\"https:\\\/\\\/x.com\\\/NHS_LLR\",\"https:\\\/\\\/www.instagram.com\\\/nhsllr\\\/\"]},{\"@type\":\"Person\",\"@id\":\"https:\\\/\\\/leicesterleicestershireandrutland.icb.nhs.uk\\\/#\\\/schema\\\/person\\\/b12f745249b2b21624b845a24ac3b8c7\",\"name\":\"Anna Olek\",\"url\":\"https:\\\/\\\/leicesterleicestershireandrutland.icb.nhs.uk\\\/ro\\\/author\\\/anna-oleknhs-net\\\/\"}]}<\/script>\n<!-- \/ Yoast SEO plugin. -->","yoast_head_json":{"title":"Apel c\u0103tre locuitorii din Leicester, Leicestershire \u0219i Rutland s\u0103 ac\u021bioneze acum \u00een privin\u021ba demen\u021bei - LLR ICB","robots":{"index":"index","follow":"follow","max-snippet":"max-snippet:-1","max-image-preview":"max-image-preview:large","max-video-preview":"max-video-preview:-1"},"canonical":"https:\/\/leicesterleicestershireandrutland.icb.nhs.uk\/ro\/call-for-people-in-leicester-leicestershire-and-rutland-to-act-now-on-dementia\/","og_locale":"ro_RO","og_type":"article","og_title":"Call for people in Leicester, Leicestershire and Rutland to act now on dementia - LLR ICB","og_description":"Health and care organisations across Leicester, Leicestershire and Rutland (LLR) are getting together to raise awareness of dementia","og_url":"https:\/\/leicesterleicestershireandrutland.icb.nhs.uk\/ro\/call-for-people-in-leicester-leicestershire-and-rutland-to-act-now-on-dementia\/","og_site_name":"LLR ICB","article_publisher":"https:\/\/www.facebook.com\/NHSLLR","article_published_time":"2023-05-17T12:11:00+00:00","article_modified_time":"2023-05-22T12:16:48+00:00","og_image":[{"width":1000,"height":800,"url":"https:\/\/leicesterleicestershireandrutland.icb.nhs.uk\/wp-content\/uploads\/2022\/08\/Press-release-graphic.jpg","type":"image\/jpeg"}],"author":"Anna Olek","twitter_card":"summary_large_image","twitter_creator":"@NHS_LLR","twitter_site":"@NHS_LLR","twitter_misc":{"Scris de":"Anna Olek","Timp estimat pentru citire":"2 minute"},"schema":{"@context":"https:\/\/schema.org","@graph":[{"@type":"Article","@id":"https:\/\/leicesterleicestershireandrutland.icb.nhs.uk\/call-for-people-in-leicester-leicestershire-and-rutland-to-act-now-on-dementia\/#article","isPartOf":{"@id":"https:\/\/leicesterleicestershireandrutland.icb.nhs.uk\/call-for-people-in-leicester-leicestershire-and-rutland-to-act-now-on-dementia\/"},"author":{"name":"Anna Olek","@id":"https:\/\/leicesterleicestershireandrutland.icb.nhs.uk\/#\/schema\/person\/b12f745249b2b21624b845a24ac3b8c7"},"headline":"Call for people in Leicester, Leicestershire and Rutland to act now on dementia","datePublished":"2023-05-17T12:11:00+00:00","dateModified":"2023-05-22T12:16:48+00:00","mainEntityOfPage":{"@id":"https:\/\/leicesterleicestershireandrutland.icb.nhs.uk\/call-for-people-in-leicester-leicestershire-and-rutland-to-act-now-on-dementia\/"},"wordCount":458,"commentCount":0,"publisher":{"@id":"https:\/\/leicesterleicestershireandrutland.icb.nhs.uk\/#organization"},"image":{"@id":"https:\/\/leicesterleicestershireandrutland.icb.nhs.uk\/call-for-people-in-leicester-leicestershire-and-rutland-to-act-now-on-dementia\/#primaryimage"},"thumbnailUrl":"https:\/\/i0.wp.com\/leicesterleicestershireandrutland.icb.nhs.uk\/wp-content\/uploads\/2022\/08\/Press-release-graphic.jpg?fit=1000%2C800&ssl=1","articleSection":["Press Releases"],"inLanguage":"ro-RO","potentialAction":[{"@type":"CommentAction","name":"Comment","target":["https:\/\/leicesterleicestershireandrutland.icb.nhs.uk\/call-for-people-in-leicester-leicestershire-and-rutland-to-act-now-on-dementia\/#respond"]}]},{"@type":"WebPage","@id":"https:\/\/leicesterleicestershireandrutland.icb.nhs.uk\/call-for-people-in-leicester-leicestershire-and-rutland-to-act-now-on-dementia\/","url":"https:\/\/leicesterleicestershireandrutland.icb.nhs.uk\/call-for-people-in-leicester-leicestershire-and-rutland-to-act-now-on-dementia\/","name":"Apel c\u0103tre locuitorii din Leicester, Leicestershire \u0219i Rutland s\u0103 ac\u021bioneze acum \u00een privin\u021ba demen\u021bei - LLR ICB","isPartOf":{"@id":"https:\/\/leicesterleicestershireandrutland.icb.nhs.uk\/#website"},"primaryImageOfPage":{"@id":"https:\/\/leicesterleicestershireandrutland.icb.nhs.uk\/call-for-people-in-leicester-leicestershire-and-rutland-to-act-now-on-dementia\/#primaryimage"},"image":{"@id":"https:\/\/leicesterleicestershireandrutland.icb.nhs.uk\/call-for-people-in-leicester-leicestershire-and-rutland-to-act-now-on-dementia\/#primaryimage"},"thumbnailUrl":"https:\/\/i0.wp.com\/leicesterleicestershireandrutland.icb.nhs.uk\/wp-content\/uploads\/2022\/08\/Press-release-graphic.jpg?fit=1000%2C800&ssl=1","datePublished":"2023-05-17T12:11:00+00:00","dateModified":"2023-05-22T12:16:48+00:00","breadcrumb":{"@id":"https:\/\/leicesterleicestershireandrutland.icb.nhs.uk\/call-for-people-in-leicester-leicestershire-and-rutland-to-act-now-on-dementia\/#breadcrumb"},"inLanguage":"ro-RO","potentialAction":[{"@type":"ReadAction","target":["https:\/\/leicesterleicestershireandrutland.icb.nhs.uk\/call-for-people-in-leicester-leicestershire-and-rutland-to-act-now-on-dementia\/"]}]},{"@type":"ImageObject","inLanguage":"ro-RO","@id":"https:\/\/leicesterleicestershireandrutland.icb.nhs.uk\/call-for-people-in-leicester-leicestershire-and-rutland-to-act-now-on-dementia\/#primaryimage","url":"https:\/\/i0.wp.com\/leicesterleicestershireandrutland.icb.nhs.uk\/wp-content\/uploads\/2022\/08\/Press-release-graphic.jpg?fit=1000%2C800&ssl=1","contentUrl":"https:\/\/i0.wp.com\/leicesterleicestershireandrutland.icb.nhs.uk\/wp-content\/uploads\/2022\/08\/Press-release-graphic.jpg?fit=1000%2C800&ssl=1","width":1000,"height":800,"caption":"Graphic with blue background with a white image of a megaphone."},{"@type":"BreadcrumbList","@id":"https:\/\/leicesterleicestershireandrutland.icb.nhs.uk\/call-for-people-in-leicester-leicestershire-and-rutland-to-act-now-on-dementia\/#breadcrumb","itemListElement":[{"@type":"ListItem","position":1,"name":"Home","item":"https:\/\/leicesterleicestershireandrutland.icb.nhs.uk\/"},{"@type":"ListItem","position":2,"name":"Call for people in Leicester, Leicestershire and Rutland to act now on dementia"}]},{"@type":"WebSite","@id":"https:\/\/leicesterleicestershireandrutland.icb.nhs.uk\/#website","url":"https:\/\/leicesterleicestershireandrutland.icb.nhs.uk\/","name":"LLR ICB","description":"LLR Integrated Care Board","publisher":{"@id":"https:\/\/leicesterleicestershireandrutland.icb.nhs.uk\/#organization"},"potentialAction":[{"@type":"SearchAction","target":{"@type":"EntryPoint","urlTemplate":"https:\/\/leicesterleicestershireandrutland.icb.nhs.uk\/?s={search_term_string}"},"query-input":{"@type":"PropertyValueSpecification","valueRequired":true,"valueName":"search_term_string"}}],"inLanguage":"ro-RO"},{"@type":"Organization","@id":"https:\/\/leicesterleicestershireandrutland.icb.nhs.uk\/#organization","name":"LLR ICB","url":"https:\/\/leicesterleicestershireandrutland.icb.nhs.uk\/","logo":{"@type":"ImageObject","inLanguage":"ro-RO","@id":"https:\/\/leicesterleicestershireandrutland.icb.nhs.uk\/#\/schema\/logo\/image\/","url":"https:\/\/i0.wp.com\/leicesterleicestershireandrutland.icb.nhs.uk\/wp-content\/uploads\/2022\/06\/New-Project-4.jpg?fit=452%2C93&ssl=1","contentUrl":"https:\/\/i0.wp.com\/leicesterleicestershireandrutland.icb.nhs.uk\/wp-content\/uploads\/2022\/06\/New-Project-4.jpg?fit=452%2C93&ssl=1","width":452,"height":93,"caption":"LLR ICB"},"image":{"@id":"https:\/\/leicesterleicestershireandrutland.icb.nhs.uk\/#\/schema\/logo\/image\/"},"sameAs":["https:\/\/www.facebook.com\/NHSLLR","https:\/\/x.com\/NHS_LLR","https:\/\/www.instagram.com\/nhsllr\/"]},{"@type":"Person","@id":"https:\/\/leicesterleicestershireandrutland.icb.nhs.uk\/#\/schema\/person\/b12f745249b2b21624b845a24ac3b8c7","name":"Anna Olek","url":"https:\/\/leicesterleicestershireandrutland.icb.nhs.uk\/ro\/author\/anna-oleknhs-net\/"}]}},"jetpack_featured_media_url":"https:\/\/i0.wp.com\/leicesterleicestershireandrutland.icb.nhs.uk\/wp-content\/uploads\/2022\/08\/Press-release-graphic.jpg?fit=1000%2C800&ssl=1","jetpack_sharing_enabled":true,"_links":{"self":[{"href":"https:\/\/leicesterleicestershireandrutland.icb.nhs.uk\/ro\/wp-json\/wp\/v2\/posts\/9418","targetHints":{"allow":["GET"]}}],"collection":[{"href":"https:\/\/leicesterleicestershireandrutland.icb.nhs.uk\/ro\/wp-json\/wp\/v2\/posts"}],"about":[{"href":"https:\/\/leicesterleicestershireandrutland.icb.nhs.uk\/ro\/wp-json\/wp\/v2\/types\/post"}],"author":[{"embeddable":true,"href":"https:\/\/leicesterleicestershireandrutland.icb.nhs.uk\/ro\/wp-json\/wp\/v2\/users\/8"}],"replies":[{"embeddable":true,"href":"https:\/\/leicesterleicestershireandrutland.icb.nhs.uk\/ro\/wp-json\/wp\/v2\/comments?post=9418"}],"version-history":[{"count":1,"href":"https:\/\/leicesterleicestershireandrutland.icb.nhs.uk\/ro\/wp-json\/wp\/v2\/posts\/9418\/revisions"}],"predecessor-version":[{"id":9419,"href":"https:\/\/leicesterleicestershireandrutland.icb.nhs.uk\/ro\/wp-json\/wp\/v2\/posts\/9418\/revisions\/9419"}],"wp:featuredmedia":[{"embeddable":true,"href":"https:\/\/leicesterleicestershireandrutland.icb.nhs.uk\/ro\/wp-json\/wp\/v2\/media\/1798"}],"wp:attachment":[{"href":"https:\/\/leicesterleicestershireandrutland.icb.nhs.uk\/ro\/wp-json\/wp\/v2\/media?parent=9418"}],"wp:term":[{"taxonomy":"category","embeddable":true,"href":"https:\/\/leicesterleicestershireandrutland.icb.nhs.uk\/ro\/wp-json\/wp\/v2\/categories?post=9418"},{"taxonomy":"post_tag","embeddable":true,"href":"https:\/\/leicesterleicestershireandrutland.icb.nhs.uk\/ro\/wp-json\/wp\/v2\/tags?post=9418"}],"curies":[{"name":"wp","href":"https:\/\/api.w.org\/{rel}","templated":true}]}}